{"id":325,"date":"2024-10-13T13:22:25","date_gmt":"2024-10-13T16:22:25","guid":{"rendered":"https:\/\/crefito20.org.br\/cr20\/?p=325"},"modified":"2024-12-13T13:08:42","modified_gmt":"2024-12-13T16:08:42","slug":"dia-do-fisioterapeuta-e-do-terapeuta-ocupacional","status":"publish","type":"post","link":"https:\/\/crefito20.org.br\/cr20\/?p=325","title":{"rendered":"Dia do Fisioterapeuta e do Terapeuta Ocupacional"},"content":{"rendered":"\n<p class=\"wp-block-paragraph\"><strong>13 de Outubro &#8211; Dia do Fisioterapeuta e do Terapeuta Ocupacional<\/strong>   <\/p>\n\n\n\n<p class=\"wp-block-paragraph\">Dia de homenagear os profissionais que, com dedica\u00e7\u00e3o e conhecimento, transformam vidas. A cada atendimento, voc\u00eas promovem bem-estar, reabilita\u00e7\u00e3o e autonomia, sendo essenciais para a sa\u00fade e qualidade de vida de tantas pessoas. \u00c9 momento de celebrar o impacto do seu trabalho.<\/p>\n\n\n\n<p class=\"wp-block-paragraph\"><strong>Profissionais que fazem a diferen\u00e7a!<\/strong><\/p>\n\n\n\n<p class=\"wp-block-paragraph\">Com um olhar atento \u00e0s necessidades de cada paciente, fisioterapeutas e Terapeutas Ocupacionais garantem que o cuidado v\u00e1 al\u00e9m da recupera\u00e7\u00e3o f\u00edsica, promovendo acolhimento e dignidade.<\/p>\n\n\n\n<p class=\"wp-block-paragraph\"><strong>Novos Tempos, Novas Conquistas.<\/strong><\/p>\n\n\n\n<p class=\"wp-block-paragraph\">Neste 2024, a Fisioterapia e a Terapia Ocupacional no Amazonas e em Roraima vivem um momento especial com a chegada do CREFITO-20, que fortalece ainda mais a representatividade da categoria. Juntos, vamos projetar um futuro de novas conquistas e avan\u00e7os, com o compromisso de apoiar e valorizar a profiss\u00e3o.<\/p>\n\n\n\n<figure class=\"wp-block-image size-large\"><img loading=\"lazy\" decoding=\"async\" width=\"1024\" height=\"347\" src=\"https:\/\/crefito20.org.br\/cr20\/wp-content\/uploads\/2024\/10\/WhatsApp-Image-2024-10-14-at-13.15.16-2-1024x347.jpeg\" alt=\"\" class=\"wp-image-334\" srcset=\"https:\/\/crefito20.org.br\/cr20\/wp-content\/uploads\/2024\/10\/WhatsApp-Image-2024-10-14-at-13.15.16-2-1024x347.jpeg 1024w, https:\/\/crefito20.org.br\/cr20\/wp-content\/uploads\/2024\/10\/WhatsApp-Image-2024-10-14-at-13.15.16-2-300x102.jpeg 300w, https:\/\/crefito20.org.br\/cr20\/wp-content\/uploads\/2024\/10\/WhatsApp-Image-2024-10-14-at-13.15.16-2-768x261.jpeg 768w, https:\/\/crefito20.org.br\/cr20\/wp-content\/uploads\/2024\/10\/WhatsApp-Image-2024-10-14-at-13.15.16-2.jpeg 1244w\" sizes=\"auto, (max-width: 1024px) 100vw, 1024px\" \/><\/figure>\n","protected":false},"excerpt":{"rendered":"<p>13 de Outubro &#8211; Dia do Fisioterapeuta e do Terapeuta Ocupacional Dia de homenagear os profissionais que, com dedica\u00e7\u00e3o e conhecimento, transformam vidas. A cada atendimento, voc\u00eas promovem bem-estar, reabilita\u00e7\u00e3o e autonomia, sendo essenciais para a sa\u00fade e qualidade de vida de tantas pessoas. \u00c9 momento de celebrar o impacto do seu trabalho. Profissionais que [&hellip;]<\/p>\n","protected":false},"author":4,"featured_media":331,"comment_status":"open","ping_status":"open","sticky":false,"template":"","format":"standard","meta":{"footnotes":""},"categories":[20,2,1],"tags":[34],"class_list":["post-325","post","type-post","status-publish","format-standard","has-post-thumbnail","hentry","category-destaque","category-noticia","category-sem-categoria","tag-13-de-outubro"],"_links":{"self":[{"href":"https:\/\/crefito20.org.br\/cr20\/index.php?rest_route=\/wp\/v2\/posts\/325","targetHints":{"allow":["GET"]}}],"collection":[{"href":"https:\/\/crefito20.org.br\/cr20\/index.php?rest_route=\/wp\/v2\/posts"}],"about":[{"href":"https:\/\/crefito20.org.br\/cr20\/index.php?rest_route=\/wp\/v2\/types\/post"}],"author":[{"embeddable":true,"href":"https:\/\/crefito20.org.br\/cr20\/index.php?rest_route=\/wp\/v2\/users\/4"}],"replies":[{"embeddable":true,"href":"https:\/\/crefito20.org.br\/cr20\/index.php?rest_route=%2Fwp%2Fv2%2Fcomments&post=325"}],"version-history":[{"count":5,"href":"https:\/\/crefito20.org.br\/cr20\/index.php?rest_route=\/wp\/v2\/posts\/325\/revisions"}],"predecessor-version":[{"id":335,"href":"https:\/\/crefito20.org.br\/cr20\/index.php?rest_route=\/wp\/v2\/posts\/325\/revisions\/335"}],"wp:featuredmedia":[{"embeddable":true,"href":"https:\/\/crefito20.org.br\/cr20\/index.php?rest_route=\/wp\/v2\/media\/331"}],"wp:attachment":[{"href":"https:\/\/crefito20.org.br\/cr20\/index.php?rest_route=%2Fwp%2Fv2%2Fmedia&parent=325"}],"wp:term":[{"taxonomy":"category","embeddable":true,"href":"https:\/\/crefito20.org.br\/cr20\/index.php?rest_route=%2Fwp%2Fv2%2Fcategories&post=325"},{"taxonomy":"post_tag","embeddable":true,"href":"https:\/\/crefito20.org.br\/cr20\/index.php?rest_route=%2Fwp%2Fv2%2Ftags&post=325"}],"curies":[{"name":"wp","href":"https:\/\/api.w.org\/{rel}","templated":true}]}}